{"id":4777,"date":"2025-03-18T10:30:51","date_gmt":"2025-03-18T09:30:51","guid":{"rendered":"https:\/\/territoire.emse.fr\/?p=4777"},"modified":"2025-03-18T10:32:53","modified_gmt":"2025-03-18T09:32:53","slug":"cordees-de-la-reussite-linstitut-fayol-accueille-des-lyceens-pour-decouvrir-lindustrie-du-futur","status":"publish","type":"post","link":"https:\/\/territoire.emse.fr\/?p=4777","title":{"rendered":"Cord\u00e9es de la R\u00e9ussite : l\u2019Institut Fayol accueille des lyc\u00e9ens pour d\u00e9couvrir l\u2019Industrie du Futur"},"content":{"rendered":"<p>Ce 12 mars, l\u2019Institut Fayol \u00e9tait heureux d\u2019accueillir des lyc\u00e9ens dans le cadre de l\u2019association R\u00e9ussir\u00a0<span id=\"OBJ_PREFIX_DWT744_com_zimbra_date\" class=\"Object\" role=\"link\"><span id=\"OBJ_PREFIX_DWT767_com_zimbra_date\" class=\"Object\" role=\"link\">Aujourd\u2019hui<\/span><\/span> et ainsi de participer au dispositif des Cord\u00e9es de la r\u00e9ussite.<img fetchpriority=\"high\" decoding=\"async\" class=\"aligncenter size-full wp-image-4778\" src=\"https:\/\/territoire.emse.fr\/wp-content\/uploads\/2025\/03\/20250312_142523.webp\" alt=\"\" width=\"640\" height=\"481\" srcset=\"https:\/\/territoire.emse.fr\/wp-content\/uploads\/2025\/03\/20250312_142523.webp 640w, https:\/\/territoire.emse.fr\/wp-content\/uploads\/2025\/03\/20250312_142523-300x225.webp 300w, https:\/\/territoire.emse.fr\/wp-content\/uploads\/2025\/03\/20250312_142523-154x116.webp 154w\" sizes=\"(max-width: 640px) 100vw, 640px\" \/> Un groupe d\u2019\u00e9l\u00e8ves \u00e9tait accompagn\u00e9 par des b\u00e9n\u00e9voles de l\u2019association R\u00e9ussir\u00a0<span id=\"OBJ_PREFIX_DWT745_com_zimbra_date\" class=\"Object\" role=\"link\"><span id=\"OBJ_PREFIX_DWT768_com_zimbra_date\" class=\"Object\" role=\"link\">Aujourd\u2019hui<\/span><\/span>. Ils ont \u00e9t\u00e9 accueillis au sein de notre Laboratoire des transitions pour d\u00e9couvrir les activit\u00e9s de l\u2019Institut Fayol et\u00a0<strong>visiter nos 3 plateaux scientifiques (l\u2019IT\u2019m Factory, Territoire et Maq&rsquo;IT).<\/strong><\/p>\r\n<p>Le dispositif des Cord\u00e9es de la r\u00e9ussite propose un accompagnement des \u00e9l\u00e8ves dans leur parcours d\u2019orientation. L\u2019objectif est d\u2019introduire une plus grande \u00e9quit\u00e9 sociale dans l\u2019acc\u00e8s \u00e0 l\u2019enseignement sup\u00e9rieur. Elles ont \u00e9t\u00e9 cr\u00e9\u00e9es pour favoriser l\u2019acc\u00e8s \u00e0 l\u2019enseignement sup\u00e9rieur de jeunes qui en raison de leur origine sociale ou territoriale brident leur ambition scolaire ou ne disposent pas de toutes les \u00ab cl\u00e9s \u00bb pour s\u2019engager avec succ\u00e8s dans une formation longue.<\/p>\r\n\r\n<p>&nbsp;<\/p>\r\n","protected":false},"excerpt":{"rendered":"<p>Ce 12 mars, l\u2019Institut Fayol \u00e9tait heureux d\u2019accueillir des lyc\u00e9ens dans le cadre de l\u2019association R\u00e9ussir\u00a0Aujourd\u2019hui et ainsi de participer au dispositif des Cord\u00e9es de la r\u00e9ussite. Un groupe d\u2019\u00e9l\u00e8ves \u00e9tait accompagn\u00e9 par des b\u00e9n\u00e9voles de l\u2019association R\u00e9ussir\u00a0Aujourd\u2019hui. Ils ont \u00e9t\u00e9 accueillis au sein de notre Laboratoire des transitions pour d\u00e9couvrir les activit\u00e9s de l\u2019Institut Fayol et\u00a0visiter nos 3 plateaux scientifiques (l\u2019IT\u2019m Factory, Territoire et Maq&rsquo;IT). Le dispositif des Cord\u00e9es de la r\u00e9ussite propose un accompagnement des \u00e9l\u00e8ves dans leur&hellip;<\/p>\n","protected":false},"author":1,"featured_media":4778,"comment_status":"closed","ping_status":"open","sticky":false,"template":"","format":"standard","meta":{"footnotes":""},"categories":[1],"tags":[],"class_list":["post-4777","post","type-post","status-publish","format-standard","has-post-thumbnail","hentry","category-non-classe","post-has-thumbnail"],"_links":{"self":[{"href":"https:\/\/territoire.emse.fr\/index.php?rest_route=\/wp\/v2\/posts\/4777","targetHints":{"allow":["GET"]}}],"collection":[{"href":"https:\/\/territoire.emse.fr\/index.php?rest_route=\/wp\/v2\/posts"}],"about":[{"href":"https:\/\/territoire.emse.fr\/index.php?rest_route=\/wp\/v2\/types\/post"}],"author":[{"embeddable":true,"href":"https:\/\/territoire.emse.fr\/index.php?rest_route=\/wp\/v2\/users\/1"}],"replies":[{"embeddable":true,"href":"https:\/\/territoire.emse.fr\/index.php?rest_route=%2Fwp%2Fv2%2Fcomments&post=4777"}],"version-history":[{"count":3,"href":"https:\/\/territoire.emse.fr\/index.php?rest_route=\/wp\/v2\/posts\/4777\/revisions"}],"predecessor-version":[{"id":4781,"href":"https:\/\/territoire.emse.fr\/index.php?rest_route=\/wp\/v2\/posts\/4777\/revisions\/4781"}],"wp:featuredmedia":[{"embeddable":true,"href":"https:\/\/territoire.emse.fr\/index.php?rest_route=\/wp\/v2\/media\/4778"}],"wp:attachment":[{"href":"https:\/\/territoire.emse.fr\/index.php?rest_route=%2Fwp%2Fv2%2Fmedia&parent=4777"}],"wp:term":[{"taxonomy":"category","embeddable":true,"href":"https:\/\/territoire.emse.fr\/index.php?rest_route=%2Fwp%2Fv2%2Fcategories&post=4777"},{"taxonomy":"post_tag","embeddable":true,"href":"https:\/\/territoire.emse.fr\/index.php?rest_route=%2Fwp%2Fv2%2Ftags&post=4777"}],"curies":[{"name":"wp","href":"https:\/\/api.w.org\/{rel}","templated":true}]}}