{"id":4785,"date":"2025-11-06T14:39:19","date_gmt":"2025-11-06T13:39:19","guid":{"rendered":"https:\/\/territoire.emse.fr\/?p=4785"},"modified":"2025-11-06T15:22:43","modified_gmt":"2025-11-06T14:22:43","slug":"la-plateforme-territoire-presente-a-la-journee-innovative-mobility-by-cara","status":"publish","type":"post","link":"https:\/\/territoire.emse.fr\/?p=4785","title":{"rendered":"La plateforme Territoire pr\u00e9sente \u00e0 la journ\u00e9e Innovative Mobility by CARA"},"content":{"rendered":"Le\u00a0<strong data-start=\"280\" data-end=\"299\">15 octobre 2025<\/strong>,\u00a0<strong data-start=\"301\" data-end=\"318\">Fabien Badeig<\/strong>, ing\u00e9nieur recherche \u00e0 l\u2019<strong data-start=\"345\" data-end=\"391\">Institut Henri Fayol<\/strong>, a particip\u00e9 \u00e0 la journ\u00e9e\u00a0<strong data-start=\"418\" data-end=\"506\">\u00ab Innovative Mobility by CARA : de la recherche au march\u00e9, des synergies gagnantes pour l\u2019innovation \u00bb<\/strong>, organis\u00e9e par le p\u00f4le de comp\u00e9titivit\u00e9\u00a0<strong data-start=\"547\" data-end=\"595\">CARA European Cluster for Mobility Solutions<\/strong>.\r\n\r\nAu cours de cette journ\u00e9e,\u00a0<strong data-start=\"821\" data-end=\"838\">Fabien Badeig<\/strong>\u00a0a tenu un\u00a0<strong data-start=\"849\" data-end=\"912\">stand sur le th\u00e8me \u201cSyst\u00e8mes de Transports et Intelligence\u201d<\/strong>, destin\u00e9 \u00e0 valoriser les travaux men\u00e9s autour de la\u00a0<strong data-start=\"965\" data-end=\"990\">plateforme Territoire<\/strong>\u00a0de l\u2019Institut Fayol.<img fetchpriority=\"high\" decoding=\"async\" class=\"size-full wp-image-8971 aligncenter\" src=\"https:\/\/fayol.wp.imt.fr\/files\/2025\/11\/CARA2025.webp\" sizes=\"(max-width: 640px) 100vw, 640px\" srcset=\"https:\/\/fayol.wp.imt.fr\/files\/2025\/11\/CARA2025.webp 640w, https:\/\/fayol.wp.imt.fr\/files\/2025\/11\/CARA2025-300x225.webp 300w\" alt=\"\" width=\"640\" height=\"480\" \/><br data-start=\"1014\" data-end=\"1017\" \/>Les \u00e9changes ont permis de mettre en lumi\u00e8re les\u00a0<strong data-start=\"1066\" data-end=\"1133\">contributions crois\u00e9es en logistique, environnement et b\u00e2timent<\/strong>, notamment autour des probl\u00e9matiques d\u2019<strong data-start=\"1173\" data-end=\"1201\">\u00eelots de chaleur urbains<\/strong>\u00a0et de leur lien avec la mobilit\u00e9 intelligente et durable.\r\n\r\nAfin de valoriser les stands de recherche et d\u2019encourager les synergies entre acteurs acad\u00e9miques et industriels, chaque exposant a \u00e9t\u00e9 invit\u00e9 \u00e0\u00a0<strong data-start=\"1459\" data-end=\"1482\">pitcher ses travaux<\/strong>\u00a0devant une\u00a0<strong data-start=\"1494\" data-end=\"1516\">dizaine de groupes<\/strong>\u00a0d\u2019environ\u00a0<strong data-start=\"1527\" data-end=\"1549\">douze participants<\/strong>.<br data-start=\"1550\" data-end=\"1553\" \/>Ces \u00e9changes ont offert une belle opportunit\u00e9 de\u00a0<strong data-start=\"1602\" data-end=\"1625\">partage d\u2019expertise<\/strong>\u00a0et de\u00a0<strong data-start=\"1632\" data-end=\"1650\">mise en r\u00e9seau<\/strong>\u00a0autour des d\u00e9fis actuels et futurs de la mobilit\u00e9 innovante.\r\n\r\nLa participation de l\u2019Institut Fayol \u00e0 cet \u00e9v\u00e9nement illustre son\u00a0<strong data-start=\"1837\" data-end=\"1919\">implication dans les \u00e9cosyst\u00e8mes \u00e9cosyst\u00e8mes europ\u00e9ens de la mobilit\u00e9 durable<\/strong>, et sa volont\u00e9 de\u00a0<strong data-start=\"1938\" data-end=\"2021\">contribuer au rapprochement entre recherche acad\u00e9mique et acteurs du territoire<\/strong>.\r\n\r\n<!-- \/wp:post-content -->","protected":false},"excerpt":{"rendered":"<p>Le\u00a015 octobre 2025,\u00a0Fabien Badeig, ing\u00e9nieur recherche \u00e0 l\u2019Institut Henri Fayol, a particip\u00e9 \u00e0 la journ\u00e9e\u00a0\u00ab Innovative Mobility by CARA : de la recherche au march\u00e9, des synergies gagnantes pour l\u2019innovation \u00bb, organis\u00e9e par le p\u00f4le de comp\u00e9titivit\u00e9\u00a0CARA European Cluster for Mobility Solutions. Au cours de cette journ\u00e9e,\u00a0Fabien Badeig\u00a0a tenu un\u00a0stand sur le th\u00e8me \u201cSyst\u00e8mes de Transports et Intelligence\u201d, destin\u00e9 \u00e0 valoriser les travaux men\u00e9s autour de la\u00a0plateforme Territoire\u00a0de l\u2019Institut Fayol.Les \u00e9changes ont permis de mettre en lumi\u00e8re les\u00a0contributions crois\u00e9es en&hellip;<\/p>\n","protected":false},"author":1,"featured_media":4787,"comment_status":"closed","ping_status":"open","sticky":false,"template":"","format":"standard","meta":{"footnotes":""},"categories":[1],"tags":[],"class_list":["post-4785","post","type-post","status-publish","format-standard","has-post-thumbnail","hentry","category-non-classe","post-has-thumbnail"],"_links":{"self":[{"href":"https:\/\/territoire.emse.fr\/index.php?rest_route=\/wp\/v2\/posts\/4785","targetHints":{"allow":["GET"]}}],"collection":[{"href":"https:\/\/territoire.emse.fr\/index.php?rest_route=\/wp\/v2\/posts"}],"about":[{"href":"https:\/\/territoire.emse.fr\/index.php?rest_route=\/wp\/v2\/types\/post"}],"author":[{"embeddable":true,"href":"https:\/\/territoire.emse.fr\/index.php?rest_route=\/wp\/v2\/users\/1"}],"replies":[{"embeddable":true,"href":"https:\/\/territoire.emse.fr\/index.php?rest_route=%2Fwp%2Fv2%2Fcomments&post=4785"}],"version-history":[{"count":2,"href":"https:\/\/territoire.emse.fr\/index.php?rest_route=\/wp\/v2\/posts\/4785\/revisions"}],"predecessor-version":[{"id":4789,"href":"https:\/\/territoire.emse.fr\/index.php?rest_route=\/wp\/v2\/posts\/4785\/revisions\/4789"}],"wp:featuredmedia":[{"embeddable":true,"href":"https:\/\/territoire.emse.fr\/index.php?rest_route=\/wp\/v2\/media\/4787"}],"wp:attachment":[{"href":"https:\/\/territoire.emse.fr\/index.php?rest_route=%2Fwp%2Fv2%2Fmedia&parent=4785"}],"wp:term":[{"taxonomy":"category","embeddable":true,"href":"https:\/\/territoire.emse.fr\/index.php?rest_route=%2Fwp%2Fv2%2Fcategories&post=4785"},{"taxonomy":"post_tag","embeddable":true,"href":"https:\/\/territoire.emse.fr\/index.php?rest_route=%2Fwp%2Fv2%2Ftags&post=4785"}],"curies":[{"name":"wp","href":"https:\/\/api.w.org\/{rel}","templated":true}]}}