{"id":4801,"date":"2026-04-13T16:22:02","date_gmt":"2026-04-13T14:22:02","guid":{"rendered":"https:\/\/territoire.emse.fr\/?p=4801"},"modified":"2026-04-13T16:22:02","modified_gmt":"2026-04-13T14:22:02","slug":"la-plateforme-territoire-accueille-des-collegiennes-et-collegiens-dans-le-cadre-de-sciences-en-tous-genres","status":"publish","type":"post","link":"https:\/\/territoire.emse.fr\/?p=4801","title":{"rendered":"La plateforme Territoire accueille des coll\u00e9giennes et coll\u00e9giens dans le cadre de \u00ab Sciences en tous genres \u00bb"},"content":{"rendered":"Le 2 avril, la <strong data-start=\"143\" data-end=\"168\">plateforme Territoire<\/strong> de l\u2019<span class=\"whitespace-normal\">Institut Henri Fayol<\/span> a accueilli les \u00e9l\u00e8ves de 3\u1d49 du <span class=\"whitespace-normal\">Coll\u00e8ge Les Champs<\/span> pour une matin\u00e9e de d\u00e9couverte des sciences et de la recherche. Cette visite s\u2019inscrivait dans le parcours \u00ab <strong>Sciences en Tous Genres<\/strong> \u00bb, pilot\u00e9 par <strong><span class=\"whitespace-normal\">Christine Berton<\/span><\/strong> et coordonn\u00e9 par <span class=\"whitespace-normal\">La Rotonde \u2013 Centre de Sciences<\/span>.\r\n<p data-start=\"526\" data-end=\"1039\">Au c\u0153ur de cette immersion, les \u00e9l\u00e8ves ont d\u00e9couvert les activit\u00e9s de la plateforme Territoire, pr\u00e9sent\u00e9es par <strong data-start=\"301\" data-end=\"318\">Fabien Badeig<\/strong>, ing\u00e9nieur recherche \u00e0 l\u2019<strong data-start=\"345\" data-end=\"391\">Institut Henri Fayol<\/strong>. Ils ont ainsi pu comprendre comment \u00e0 travers un jumeau num\u00e9rique il \u00e9tait possible de superviser et piloter la consommation \u00e9nerg\u00e9tique du b\u00e2timent qui abrite l\u2019Institut Fayol. Cette approche concr\u00e8te leur a offert un aper\u00e7u des outils mobilis\u00e9s pour accompagner la transformation durable des territoires.<img fetchpriority=\"high\" decoding=\"async\" class=\"aligncenter size-full wp-image-4802\" src=\"https:\/\/territoire.emse.fr\/wp-content\/uploads\/2026\/04\/20260402_110058.webp\" alt=\"\" width=\"640\" height=\"481\" srcset=\"https:\/\/territoire.emse.fr\/wp-content\/uploads\/2026\/04\/20260402_110058.webp 640w, https:\/\/territoire.emse.fr\/wp-content\/uploads\/2026\/04\/20260402_110058-300x225.webp 300w, https:\/\/territoire.emse.fr\/wp-content\/uploads\/2026\/04\/20260402_110058-154x116.webp 154w\" sizes=\"(max-width: 640px) 100vw, 640px\" \/><\/p>\r\n<p data-start=\"1041\" data-end=\"1519\">La matin\u00e9e a \u00e9galement \u00e9t\u00e9 l\u2019occasion d\u2019\u00e9changer avec plusieurs enseignants-chercheurs de l\u2019Institut. <strong><span class=\"whitespace-normal\">Nadine Dubruc<\/span><\/strong>, <strong><span class=\"whitespace-normal\">Val\u00e9rie Laforest<\/span><\/strong>, <strong><span class=\"whitespace-normal\">Michelle Mongo-Desage<\/span><\/strong> et <strong><span class=\"whitespace-normal\">Antoine Zimmermann<\/span><\/strong> ont partag\u00e9 leurs parcours et leur quotidien dans la recherche lors d\u2019un temps d\u2019\u00e9changes dynamique. L\u2019int\u00e9r\u00eat et la pertinence des questions pos\u00e9es par les \u00e9l\u00e8ves ont largement contribu\u00e9 \u00e0 la richesse de ce dialogue.<\/p>\r\n<p data-start=\"1521\" data-end=\"1942\">Ce temps d\u2019immersion a permis aux coll\u00e9giennes et coll\u00e9giens de d\u00e9couvrir le r\u00f4le de la recherche dans l\u2019accompagnement des transitions territoriales et de rencontrer des parcours inspirants. Une belle illustration de l\u2019engagement de la plateforme Territoire de l\u2019<span class=\"whitespace-normal\">Institut Henri Fayol<\/span> en faveur de l\u2019\u00e9veil des vocations scientifiques et de la promotion de la diversit\u00e9 dans les m\u00e9tiers de la science.<\/p>\r\n<p data-start=\"1944\" data-end=\"2168\" data-is-last-node=\"\" data-is-only-node=\"\">Nous remercions chaleureusement <strong><span class=\"whitespace-normal\">Christine Berton<\/span><\/strong> pour l\u2019organisation de cette matin\u00e9e, ainsi que les encadrantes et les \u00e9l\u00e8ves du <span class=\"whitespace-normal\">Coll\u00e8ge Les Champs<\/span> pour leur participation active.<\/p>\r\n<!-- \/wp:post-content -->","protected":false},"excerpt":{"rendered":"<p>Le 2 avril, la plateforme Territoire de l\u2019Institut Henri Fayol a accueilli les \u00e9l\u00e8ves de 3\u1d49 du Coll\u00e8ge Les Champs pour une matin\u00e9e de d\u00e9couverte des sciences et de la recherche. Cette visite s\u2019inscrivait dans le parcours \u00ab Sciences en Tous Genres \u00bb, pilot\u00e9 par Christine Berton et coordonn\u00e9 par La Rotonde \u2013 Centre de Sciences. Au c\u0153ur de cette immersion, les \u00e9l\u00e8ves ont d\u00e9couvert les activit\u00e9s de la plateforme Territoire, pr\u00e9sent\u00e9es par Fabien Badeig, ing\u00e9nieur recherche \u00e0 l\u2019Institut Henri&hellip;<\/p>\n","protected":false},"author":1,"featured_media":4802,"comment_status":"closed","ping_status":"open","sticky":false,"template":"","format":"standard","meta":{"footnotes":""},"categories":[1],"tags":[],"class_list":["post-4801","post","type-post","status-publish","format-standard","has-post-thumbnail","hentry","category-non-classe","post-has-thumbnail"],"_links":{"self":[{"href":"https:\/\/territoire.emse.fr\/index.php?rest_route=\/wp\/v2\/posts\/4801","targetHints":{"allow":["GET"]}}],"collection":[{"href":"https:\/\/territoire.emse.fr\/index.php?rest_route=\/wp\/v2\/posts"}],"about":[{"href":"https:\/\/territoire.emse.fr\/index.php?rest_route=\/wp\/v2\/types\/post"}],"author":[{"embeddable":true,"href":"https:\/\/territoire.emse.fr\/index.php?rest_route=\/wp\/v2\/users\/1"}],"replies":[{"embeddable":true,"href":"https:\/\/territoire.emse.fr\/index.php?rest_route=%2Fwp%2Fv2%2Fcomments&post=4801"}],"version-history":[{"count":1,"href":"https:\/\/territoire.emse.fr\/index.php?rest_route=\/wp\/v2\/posts\/4801\/revisions"}],"predecessor-version":[{"id":4803,"href":"https:\/\/territoire.emse.fr\/index.php?rest_route=\/wp\/v2\/posts\/4801\/revisions\/4803"}],"wp:featuredmedia":[{"embeddable":true,"href":"https:\/\/territoire.emse.fr\/index.php?rest_route=\/wp\/v2\/media\/4802"}],"wp:attachment":[{"href":"https:\/\/territoire.emse.fr\/index.php?rest_route=%2Fwp%2Fv2%2Fmedia&parent=4801"}],"wp:term":[{"taxonomy":"category","embeddable":true,"href":"https:\/\/territoire.emse.fr\/index.php?rest_route=%2Fwp%2Fv2%2Fcategories&post=4801"},{"taxonomy":"post_tag","embeddable":true,"href":"https:\/\/territoire.emse.fr\/index.php?rest_route=%2Fwp%2Fv2%2Ftags&post=4801"}],"curies":[{"name":"wp","href":"https:\/\/api.w.org\/{rel}","templated":true}]}}